{"id":2401,"date":"2025-04-01T09:30:30","date_gmt":"2025-04-01T07:30:30","guid":{"rendered":"https:\/\/www.thuenen.info\/?p=2401"},"modified":"2025-04-15T09:20:14","modified_gmt":"2025-04-15T07:20:14","slug":"rolf-peter-bartz-ein-nachruf","status":"publish","type":"post","link":"https:\/\/www.thuenen.info\/?p=2401","title":{"rendered":"Rolf-Peter Bartz &#8211; ein Nachruf"},"content":{"rendered":"\n<p><img loading=\"lazy\" decoding=\"async\" width=\"600\" height=\"617\" class=\"wp-image-2428\" style=\"width: 600px;\" src=\"https:\/\/www.thuenen.info\/wp-content\/uploads\/2025\/04\/Bartz-Portraet-1-scaled.jpg\" alt=\"\" srcset=\"https:\/\/www.thuenen.info\/wp-content\/uploads\/2025\/04\/Bartz-Portraet-1-scaled.jpg 2490w, https:\/\/www.thuenen.info\/wp-content\/uploads\/2025\/04\/Bartz-Portraet-1-292x300.jpg 292w, https:\/\/www.thuenen.info\/wp-content\/uploads\/2025\/04\/Bartz-Portraet-1-996x1024.jpg 996w, https:\/\/www.thuenen.info\/wp-content\/uploads\/2025\/04\/Bartz-Portraet-1-768x790.jpg 768w, https:\/\/www.thuenen.info\/wp-content\/uploads\/2025\/04\/Bartz-Portraet-1-1494x1536.jpg 1494w, https:\/\/www.thuenen.info\/wp-content\/uploads\/2025\/04\/Bartz-Portraet-1-1992x2048.jpg 1992w, https:\/\/www.thuenen.info\/wp-content\/uploads\/2025\/04\/Bartz-Portraet-1-45x45.jpg 45w\" sizes=\"auto, (max-width: 600px) 100vw, 600px\" \/><\/p>\n\n\n\n<p class=\"has-medium-font-size\"><strong>Rolf-Peter Bartz  <\/strong>(16.03.1946 \u2013 28.03.2025)<\/p>\n\n\n\n<p class=\"has-small-font-size\"><em>ein kurzer Nachruf von Angela Ziegler, Leiterin des Th\u00fcnen-Museums-Tellow, Einrichtung des Landkreises Rostock <\/em><\/p>\n\n\n\n<p>Enthusiasmus war sein Lebenselixier. Nun ist Rolf-Peter Bartz von uns gegangen, kurz nach Vollendung seines 79. Lebensjahres und nach langer, schwerer Krankheit.<\/p>\n\n\n\n<p>Rolf-Peter Bartz kam 1969 als 23j\u00e4hriger Biologie- und Chemielehrer in die Tellower Region. Voller Ideen und Energie gr\u00fcndete er mit seiner jungen Gottiner Sch\u00fclerarbeitsgemeinschaft \u201eNatur und Heimatforscher\u201c bereits drei Jahre sp\u00e4ter das Th\u00fcnen-Museum-Tellow \u2013 in einem heruntergekommenen alten Gutshaus mit wundersch\u00f6nem, jedoch verwildertem Park. Er sah hier die Wirkungsst\u00e4tte Johann Heinrich von Th\u00fcnens, und er erkannte als einer der ganz Wenigen in seiner Zeit das Potenzial des Ortes. Sein unbez\u00e4hmbarer Enthusiasmus machte es m\u00f6glich, trotz vieler politisch bedingter Widerst\u00e4nde in der damaligen DDR zu erreichen, dass das Th\u00fcnen-Museum sich entwickelte und von sich reden machte.<\/p>\n\n\n\n<p>Rolf-Peter Bartz lie\u00df sich leicht begeistern und konnte seine Begeisterung m\u00fchelos weitergeben. Seine positive Einstellung behielt er ein Leben lang: er war stets offen und weltzugewandt. In seiner Zeit als Museumsdirektor erreichte Rolf-Peter Bartz viele Menschen. Er war ein Br\u00fcckenbauer, der es schaffte, Tellow als Ursprungsort des Th\u00fcnenerbes nicht nur national, sondern auch international bekannt zu machen.<\/p>\n\n\n\n<p>1990 gr\u00fcndete er u.a. mit Professor Dr. Gerhard Jannermann, Universit\u00e4t Rostock, die Th\u00fcnengesellschaft Tellow e.V. Schon die Gr\u00fcndungsveranstaltung fand mit internationaler Beteiligung statt: Dr. Robert W. Peplies, Professor f\u00fcr Geografie an der East Tennessee State University, USA, und Dr. Nabukazi Taniguchi, Professor an der Staatlichen Universit\u00e4t Tokio, Japan, waren angereist. Rolf-Peter Bartz konnte diese Kontakte mit seiner unvergleichlichen Art vertiefen, sie waren ihm wichtig, und seine gro\u00dfe Empathie blieb international nicht unerwidert. So gr\u00fcndete Professor Peplies 1992 in den USA eine Tochtergesellschaft der Th\u00fcnengesellschaft Tellow und Dr. Masaaki Abe, Professor an der Staatlichen Universit\u00e4t in Tokio, \u00fcbergab 1999 die gesammelten Werke des bekanntesten japanischen Th\u00fcnenforschers Yasuo Kondos an das Th\u00fcnen-Museum-Tellow.<\/p>\n\n\n\n<p>Rolf-Peter Bartz strebte nach einer lebendigen und nachhaltigen Nutzung der denkmalgesch\u00fctzten Tellower Gutshofanlage. Diese wurde 1994 aufgrund seines Engagements mit dem Europa-Nostra-Preis ausgezeichnet. \u201eDiese Ehrung wurde uns ausdr\u00fccklich zuteil f\u00fcr den Erhalt und die Nutzung der Gutshofanlage durch die hiesige Schuljugend\u201c, so verk\u00fcndete er stolz.<\/p>\n\n\n\n<p>Sein Netzwerk war dar\u00fcber hinaus viel gr\u00f6\u00dfer, als dass es ihm \u201enur\u201c um das Tellower Gutshofensemble ging. So war Rolf-Peter Bartz Gr\u00fcnder und Mitgr\u00fcnder weiterer Vereine bzw. Gesellschaften:<\/p>\n\n\n\n<ul class=\"wp-block-list\">\n<li>Arbeitsgemeinschaft Erhaltung und Nutzung der Gutsanlagen in Mecklenburg-Vorpommern e.V. (1995)<\/li>\n\n\n\n<li>Verein der Freunde und F\u00f6rderer des Th\u00fcnen-Museums-Tellow e.V. (1996)<\/li>\n\n\n\n<li>Verein f\u00fcr mecklenburgische Familien- und Personengeschichte e.V. (1997)<\/li>\n\n\n\n<li>Heimatverein im Zierstorfer Pogge-Hus midden in M\u00e4kelborg e.V.<\/li>\n\n\n\n<li>Johann-Heinrich-von-Th\u00fcnen-Stiftung (2000)<\/li>\n\n\n\n<li>F\u00f6rderverein deutsch-japanischer Freundeskreis Todendorf e.V. Schloss Mitsuko<\/li>\n<\/ul>\n\n\n\n<p>Rolf-Peter Bartz erhielt anl\u00e4sslich seines 65. Geburtstages im Jahre 2011 die Ehrenmitgliedschaft der Universit\u00e4t Rostock. 1998 war er mit dem Bundesverdienstkreuz ausgezeichnet worden. Das Portr\u00e4t entstand aus diesem feierlichen Anlass, fotografiert von unserem damaligen Kollegen Ulrich Meyn.<\/p>\n\n\n\n<p>Vor allem f\u00fcr das Th\u00fcnen-Museum-Tellow ist die L\u00fccke, die Rolf-Peter Bartz hinterl\u00e4sst, nicht schlie\u00dfbar. Aber wir k\u00f6nnen seinen Idealen folgen, die durchaus wandelbar waren. Einzig die Gewissheit, dass das Th\u00fcnen-Museum-Tellow eine Zukunft hat, w\u00e4re sein unverr\u00fcckbarer Wunsch.<\/p>\n\n\n\n<p class=\"has-small-font-size\">Wir haben hier den Nachruf des Vereins f\u00fcr mecklenburgische Familien- und Personengeschichte e.V., geschrieben von dessen Vorsitzenden Andreas Parlow, hinterlegt:<\/p>\n\n\n\n<p class=\"has-medium-font-size\"><a href=\"https:\/\/www.mfpev.de\/nachrichtenleser\/nachruf-fuer-rolf-peter-bartz.html\"><strong>Nachruf des Vereins MFP e.V. f\u00fcr Rolf-Peter Bartz<\/strong><\/a><\/p>\n\n\n\n<p class=\"has-small-font-size\">Hier folgt der Nachruf der Arbeitsgemeinschaft Erhaltung und Nutzung der Gutsanlagen in Mecklenburg-Vorpommern, verfasst von der Vorsitzenden Barbara Kampen:<\/p>\n\n\n\n<p class=\"has-medium-font-size\"><strong><a href=\"https:\/\/www.ag-gutsanlagen.de\/aktuelles\">Nachruf der AG Erhaltung und Nutzung der Gutsanlagen MV<\/a> <\/strong><\/p>\n\n\n\n<p><\/p>\n","protected":false},"excerpt":{"rendered":"<p>Rolf-Peter Bartz (16.03.1946 \u2013 28.03.2025) ein kurzer Nachruf von Angela Ziegler, Leiterin des Th\u00fcnen-Museums-Tellow, Einrichtung des Landkreises Rostock Enthusiasmus war sein Lebenselixier. Nun ist Rolf-Peter Bartz von uns gegangen, kurz nach Vollendung seines 79. Lebensjahres und nach langer, schwerer Krankheit.<\/p>\n","protected":false},"author":2,"featured_media":2428,"comment_status":"open","ping_status":"open","sticky":false,"template":"","format":"standard","meta":{"footnotes":""},"categories":[1],"tags":[],"class_list":["post-2401","post","type-post","status-publish","format-standard","has-post-thumbnail","hentry","category-allgemein"],"_links":{"self":[{"href":"https:\/\/www.thuenen.info\/index.php?rest_route=\/wp\/v2\/posts\/2401","targetHints":{"allow":["GET"]}}],"collection":[{"href":"https:\/\/www.thuenen.info\/index.php?rest_route=\/wp\/v2\/posts"}],"about":[{"href":"https:\/\/www.thuenen.info\/index.php?rest_route=\/wp\/v2\/types\/post"}],"author":[{"embeddable":true,"href":"https:\/\/www.thuenen.info\/index.php?rest_route=\/wp\/v2\/users\/2"}],"replies":[{"embeddable":true,"href":"https:\/\/www.thuenen.info\/index.php?rest_route=%2Fwp%2Fv2%2Fcomments&post=2401"}],"version-history":[{"count":21,"href":"https:\/\/www.thuenen.info\/index.php?rest_route=\/wp\/v2\/posts\/2401\/revisions"}],"predecessor-version":[{"id":2437,"href":"https:\/\/www.thuenen.info\/index.php?rest_route=\/wp\/v2\/posts\/2401\/revisions\/2437"}],"wp:featuredmedia":[{"embeddable":true,"href":"https:\/\/www.thuenen.info\/index.php?rest_route=\/wp\/v2\/media\/2428"}],"wp:attachment":[{"href":"https:\/\/www.thuenen.info\/index.php?rest_route=%2Fwp%2Fv2%2Fmedia&parent=2401"}],"wp:term":[{"taxonomy":"category","embeddable":true,"href":"https:\/\/www.thuenen.info\/index.php?rest_route=%2Fwp%2Fv2%2Fcategories&post=2401"},{"taxonomy":"post_tag","embeddable":true,"href":"https:\/\/www.thuenen.info\/index.php?rest_route=%2Fwp%2Fv2%2Ftags&post=2401"}],"curies":[{"name":"wp","href":"https:\/\/api.w.org\/{rel}","templated":true}]}}