{"id":2196,"date":"2023-06-20T14:43:28","date_gmt":"2023-06-20T12:43:28","guid":{"rendered":"https:\/\/www.thuenen.info\/?p=2196"},"modified":"2023-07-14T09:31:15","modified_gmt":"2023-07-14T07:31:15","slug":"mittsommerremise-im-thuenen-park","status":"publish","type":"post","link":"https:\/\/www.thuenen.info\/?p=2196","title":{"rendered":"MittsommerRemise im Th\u00fcnen-Park"},"content":{"rendered":"\n<p><\/p>\n\n\n\n<figure class=\"wp-block-image size-full\"><img loading=\"lazy\" decoding=\"async\" width=\"640\" height=\"480\" src=\"https:\/\/www.thuenen.info\/wp-content\/uploads\/2023\/06\/Roland-Angela-170623.jpg\" alt=\"\" class=\"wp-image-2205\" srcset=\"https:\/\/www.thuenen.info\/wp-content\/uploads\/2023\/06\/Roland-Angela-170623.jpg 640w, https:\/\/www.thuenen.info\/wp-content\/uploads\/2023\/06\/Roland-Angela-170623-300x225.jpg 300w\" sizes=\"auto, (max-width: 640px) 100vw, 640px\" \/><figcaption class=\"wp-element-caption\">Immer im Einsatz auf dem Th\u00fcnengut: Museumsleiterin Angela Ziegler und Hausmeister Roland Schieck. <br>Foto (vor Veranstaltungsbeginn): Birger Ziegler.  <\/figcaption><\/figure>\n\n\n\n<figure class=\"wp-block-image size-large is-resized\"><img decoding=\"async\" src=\"https:\/\/www.thuenen.info\/wp-content\/uploads\/2023\/06\/Gudrun-Schroeder-Foto-1024x768.jpg\" alt=\"\" class=\"wp-image-2209\" width=\"640\" srcset=\"https:\/\/www.thuenen.info\/wp-content\/uploads\/2023\/06\/Gudrun-Schroeder-Foto-1024x768.jpg 1024w, https:\/\/www.thuenen.info\/wp-content\/uploads\/2023\/06\/Gudrun-Schroeder-Foto-300x225.jpg 300w, https:\/\/www.thuenen.info\/wp-content\/uploads\/2023\/06\/Gudrun-Schroeder-Foto-768x576.jpg 768w, https:\/\/www.thuenen.info\/wp-content\/uploads\/2023\/06\/Gudrun-Schroeder-Foto-1536x1152.jpg 1536w, https:\/\/www.thuenen.info\/wp-content\/uploads\/2023\/06\/Gudrun-Schroeder-Foto.jpg 2016w\" sizes=\"(max-width: 1024px) 100vw, 1024px\" \/><figcaption class=\"wp-element-caption\">Sch\u00f6n, dass die alte Th\u00fcnenausstellung noch einmal so viel Aufmerksamkeit hatte! Foto: Gudrun Schr\u00f6der.<\/figcaption><\/figure>\n\n\n\n<p> Am 17. Juni 2023 wurde der Tellower Th\u00fcnen-Park  endlich wieder zur \u00f6ffentlichen Nutzung freigegeben. In einem kleinen Festakt hat der Erste stellvertretende Landrat Stephan Meyer, Dezernent f\u00fcr Ordnung und Sicherheit des Landkreises Rostock, das letzte Verbotsschild entfernt. Der stellvertretende Vorsitzende der Th\u00fcnengesellschaft Dr. Reinhard Dettmann, der das Gru\u00dfwort der Th\u00fcnengesellschaft gehalten hatte, konnte mit zupacken, denn zusammen geht doch vieles besser! <\/p>\n\n\n\n<p>Umrahmt wurde die Er\u00f6ffnung mit einem Konzert der Teterower Schalmeien unter Leitung von J\u00fcrgen Oestreich, die auch zu sechst wunderbar f\u00fcr Stimmung gesorgt haben. &#8211; Museumsleiterin Angela Ziegler f\u00fchrte im Anschluss bis zum Abend immer wieder G\u00e4ste \u00fcber das Gutsensemble. Der Tag wurde ein voller Erfolg, vers\u00fc\u00dft von herrlichem Sonnenschein &#8211; bis auf einen einzigen kr\u00e4ftigen Regenguss. F\u00fcr das leibliche Wohl sorgte die Th\u00fcnengesellschaft Tellow e.V. &#8211; Ohne Kaffee, Kuchen, Bratwurst und Getr\u00e4nke w\u00e4re es wohl nur halb so sch\u00f6n geworden &#8230; Wir danken unseren Helfern!  <\/p>\n\n\n\n<p>Die Fachschule f\u00fcr Agrarwirtschaft &#8222;Johann Heinrich von Th\u00fcnen&#8220; G\u00fcstrow-Bockhorst war \u00fcbrigens auch vertreten. Wir danken der stellv. Leiterin Frau Dr. Julia Glatz-Hoppe f\u00fcr ihren sch\u00f6nen Beitrag:<\/p>\n\n\n\n<p><a href=\"https:\/\/www.agrarfachschule-mv.de\/service\/Blickpunkte\/?id=192833&amp;processor=processor.sa.pressemitteilung\" data-type=\"URL\" data-id=\"https:\/\/www.agrarfachschule-mv.de\/service\/Blickpunkte\/?id=192833&amp;processor=processor.sa.pressemitteilung\">Neuer\u00f6ffnung des Th\u00fcnen-Parks in Tellow<\/a><\/p>\n\n\n\n<p>Hier geht es zur Pr\u00e4sentation des Th\u00fcnen-Museums auf den Landkreis-Seiten: <\/p>\n\n\n\n<p><a href=\"https:\/\/www.landkreis-rostock.de\/de\/thuenenland\/organisationseinheit\/138\/thuenen-museum_tellow.html\">Th\u00fcnen-Museum im Landkreis Rostock<\/a><\/p>\n\n\n\n<p><\/p>\n","protected":false},"excerpt":{"rendered":"<p>Am 17. Juni 2023 wurde der Tellower Th\u00fcnen-Park endlich wieder zur \u00f6ffentlichen Nutzung freigegeben. In einem kleinen Festakt hat der Erste stellvertretende Landrat Stephan Meyer, Dezernent f\u00fcr Ordnung und Sicherheit des Landkreises Rostock, das letzte Verbotsschild entfernt. Der stellvertretende Vorsitzende<\/p>\n","protected":false},"author":2,"featured_media":0,"comment_status":"open","ping_status":"open","sticky":false,"template":"","format":"standard","meta":{"footnotes":""},"categories":[1],"tags":[],"class_list":["post-2196","post","type-post","status-publish","format-standard","hentry","category-allgemein"],"_links":{"self":[{"href":"https:\/\/www.thuenen.info\/index.php?rest_route=\/wp\/v2\/posts\/2196","targetHints":{"allow":["GET"]}}],"collection":[{"href":"https:\/\/www.thuenen.info\/index.php?rest_route=\/wp\/v2\/posts"}],"about":[{"href":"https:\/\/www.thuenen.info\/index.php?rest_route=\/wp\/v2\/types\/post"}],"author":[{"embeddable":true,"href":"https:\/\/www.thuenen.info\/index.php?rest_route=\/wp\/v2\/users\/2"}],"replies":[{"embeddable":true,"href":"https:\/\/www.thuenen.info\/index.php?rest_route=%2Fwp%2Fv2%2Fcomments&post=2196"}],"version-history":[{"count":11,"href":"https:\/\/www.thuenen.info\/index.php?rest_route=\/wp\/v2\/posts\/2196\/revisions"}],"predecessor-version":[{"id":2223,"href":"https:\/\/www.thuenen.info\/index.php?rest_route=\/wp\/v2\/posts\/2196\/revisions\/2223"}],"wp:attachment":[{"href":"https:\/\/www.thuenen.info\/index.php?rest_route=%2Fwp%2Fv2%2Fmedia&parent=2196"}],"wp:term":[{"taxonomy":"category","embeddable":true,"href":"https:\/\/www.thuenen.info\/index.php?rest_route=%2Fwp%2Fv2%2Fcategories&post=2196"},{"taxonomy":"post_tag","embeddable":true,"href":"https:\/\/www.thuenen.info\/index.php?rest_route=%2Fwp%2Fv2%2Ftags&post=2196"}],"curies":[{"name":"wp","href":"https:\/\/api.w.org\/{rel}","templated":true}]}}